{"id":111,"date":"2026-05-14T09:54:47","date_gmt":"2026-05-14T12:54:47","guid":{"rendered":"https:\/\/embalagensfurlaneto.com.br\/blog\/?p=111"},"modified":"2026-05-14T09:56:51","modified_gmt":"2026-05-14T12:56:51","slug":"furlaneto-sua-fabrica-de-paletes-de-madeira-em-sp","status":"publish","type":"post","link":"https:\/\/embalagensfurlaneto.com.br\/blog\/2026\/05\/14\/furlaneto-sua-fabrica-de-paletes-de-madeira-em-sp\/","title":{"rendered":"Furlaneto: sua f\u00e1brica de paletes de madeira em SP\u00a0"},"content":{"rendered":"<span class=\"rt-reading-time\" style=\"display: block;\"><span class=\"rt-label rt-prefix\">Reading Time: <\/span> <span class=\"rt-time\">4<\/span> <span class=\"rt-label rt-postfix\">minutes<\/span><\/span>\n<p class=\"has-medium-font-size wp-block-paragraph\"><strong><em>Conhe\u00e7a a Furlaneto, f\u00e1brica de paletes de madeira em SP com solu\u00e7\u00f5es sob medida, qualidade, resist\u00eancia e atendimento para empresas.&nbsp;<\/em><\/strong><\/p>\n\n\n\n<p class=\"wp-block-paragraph\">Encontrar uma <strong>f\u00e1brica de paletes de madeira em SP<\/strong> que una qualidade, agilidade e suporte t\u00e9cnico faz diferen\u00e7a no dia a dia de qualquer opera\u00e7\u00e3o. Quando o palete falha, o impacto aparece no transporte, no armazenamento e at\u00e9 na seguran\u00e7a da carga.<\/p>\n\n\n\n<p class=\"wp-block-paragraph\">\u00c9 por isso que a Furlaneto se destaca. A empresa \u00e9 reconhecida pela <strong>excel\u00eancia na fabrica\u00e7\u00e3o de paletes de madeira<\/strong>, atendendo diferentes setores com solu\u00e7\u00f5es resistentes, dur\u00e1veis e adaptadas \u00e0 realidade de cada cliente.<\/p>\n\n\n\n<p class=\"wp-block-paragraph\">Para empresas que precisam <strong>comprar paletes de madeira<\/strong> com mais seguran\u00e7a, contar com um fornecedor experiente deixa a decis\u00e3o mais simples e a opera\u00e7\u00e3o muito mais confi\u00e1vel.<\/p>\n\n\n\n<div id=\"ez-toc-container\" class=\"ez-toc-v2_0_68_1 counter-hierarchy ez-toc-counter ez-toc-grey ez-toc-container-direction\">\n<div class=\"ez-toc-title-container\">\n<p class=\"ez-toc-title \" >Table of Contents<\/p>\n<span class=\"ez-toc-title-toggle\"><a href=\"#\" class=\"ez-toc-pull-right ez-toc-btn ez-toc-btn-xs ez-toc-btn-default ez-toc-toggle\" aria-label=\"Toggle Table of Content\"><span class=\"ez-toc-js-icon-con\"><span class=\"\"><span class=\"eztoc-hide\" style=\"display:none;\">Toggle<\/span><span class=\"ez-toc-icon-toggle-span\"><svg style=\"fill: #999;color:#999\" xmlns=\"http:\/\/www.w3.org\/2000\/svg\" class=\"list-377408\" width=\"20px\" height=\"20px\" viewBox=\"0 0 24 24\" fill=\"none\"><path d=\"M6 6H4v2h2V6zm14 0H8v2h12V6zM4 11h2v2H4v-2zm16 0H8v2h12v-2zM4 16h2v2H4v-2zm16 0H8v2h12v-2z\" fill=\"currentColor\"><\/path><\/svg><svg style=\"fill: #999;color:#999\" class=\"arrow-unsorted-368013\" xmlns=\"http:\/\/www.w3.org\/2000\/svg\" width=\"10px\" height=\"10px\" viewBox=\"0 0 24 24\" version=\"1.2\" baseProfile=\"tiny\"><path d=\"M18.2 9.3l-6.2-6.3-6.2 6.3c-.2.2-.3.4-.3.7s.1.5.3.7c.2.2.4.3.7.3h11c.3 0 .5-.1.7-.3.2-.2.3-.5.3-.7s-.1-.5-.3-.7zM5.8 14.7l6.2 6.3 6.2-6.3c.2-.2.3-.5.3-.7s-.1-.5-.3-.7c-.2-.2-.4-.3-.7-.3h-11c-.3 0-.5.1-.7.3-.2.2-.3.5-.3.7s.1.5.3.7z\"\/><\/svg><\/span><\/span><\/span><\/a><\/span><\/div>\n<nav><ul class='ez-toc-list ez-toc-list-level-1 ' ><li class='ez-toc-page-1 ez-toc-heading-level-2'><a class=\"ez-toc-link ez-toc-heading-1\" href=\"https:\/\/embalagensfurlaneto.com.br\/blog\/2026\/05\/14\/furlaneto-sua-fabrica-de-paletes-de-madeira-em-sp\/#Por_que_a_Furlaneto_se_destaca_em_SP\" title=\"Por que a Furlaneto se destaca em SP\">Por que a Furlaneto se destaca em SP<\/a><\/li><li class='ez-toc-page-1 ez-toc-heading-level-2'><a class=\"ez-toc-link ez-toc-heading-2\" href=\"https:\/\/embalagensfurlaneto.com.br\/blog\/2026\/05\/14\/furlaneto-sua-fabrica-de-paletes-de-madeira-em-sp\/#Beneficios_dos_paletes_de_madeira_para_empresas\" title=\"Benef\u00edcios dos paletes de madeira para empresas\">Benef\u00edcios dos paletes de madeira para empresas<\/a><\/li><li class='ez-toc-page-1 ez-toc-heading-level-2'><a class=\"ez-toc-link ez-toc-heading-3\" href=\"https:\/\/embalagensfurlaneto.com.br\/blog\/2026\/05\/14\/furlaneto-sua-fabrica-de-paletes-de-madeira-em-sp\/#Paletes_sob_medida_para_cada_necessidade\" title=\"Paletes sob medida para cada necessidade\">Paletes sob medida para cada necessidade<\/a><\/li><li class='ez-toc-page-1 ez-toc-heading-level-2'><a class=\"ez-toc-link ez-toc-heading-4\" href=\"https:\/\/embalagensfurlaneto.com.br\/blog\/2026\/05\/14\/furlaneto-sua-fabrica-de-paletes-de-madeira-em-sp\/#Qualidade_na_fabricacao_de_paletes_de_madeira\" title=\"Qualidade na fabrica\u00e7\u00e3o de paletes de madeira\">Qualidade na fabrica\u00e7\u00e3o de paletes de madeira<\/a><\/li><li class='ez-toc-page-1 ez-toc-heading-level-2'><a class=\"ez-toc-link ez-toc-heading-5\" href=\"https:\/\/embalagensfurlaneto.com.br\/blog\/2026\/05\/14\/furlaneto-sua-fabrica-de-paletes-de-madeira-em-sp\/#Palete_fumigado_e_conformidade_para_exportacao\" title=\"Palete fumigado e conformidade para exporta\u00e7\u00e3o\">Palete fumigado e conformidade para exporta\u00e7\u00e3o<\/a><\/li><li class='ez-toc-page-1 ez-toc-heading-level-2'><a class=\"ez-toc-link ez-toc-heading-6\" href=\"https:\/\/embalagensfurlaneto.com.br\/blog\/2026\/05\/14\/furlaneto-sua-fabrica-de-paletes-de-madeira-em-sp\/#Consultoria_tecnica_e_parceria_de_longo_prazo\" title=\"Consultoria t\u00e9cnica e parceria de longo prazo\">Consultoria t\u00e9cnica e parceria de longo prazo<\/a><\/li><li class='ez-toc-page-1 ez-toc-heading-level-2'><a class=\"ez-toc-link ez-toc-heading-7\" href=\"https:\/\/embalagensfurlaneto.com.br\/blog\/2026\/05\/14\/furlaneto-sua-fabrica-de-paletes-de-madeira-em-sp\/#Furlaneto_fabrica_de_paletes_de_madeira_em_SP_para_sua_operacao\" title=\"Furlaneto: f\u00e1brica de paletes de madeira em SP para sua opera\u00e7\u00e3o\">Furlaneto: f\u00e1brica de paletes de madeira em SP para sua opera\u00e7\u00e3o<\/a><\/li><li class='ez-toc-page-1 ez-toc-heading-level-2'><a class=\"ez-toc-link ez-toc-heading-8\" href=\"https:\/\/embalagensfurlaneto.com.br\/blog\/2026\/05\/14\/furlaneto-sua-fabrica-de-paletes-de-madeira-em-sp\/#Solicite_seu_orcamento_com_a_Furlaneto\" title=\"Solicite seu or\u00e7amento com a Furlaneto\">Solicite seu or\u00e7amento com a Furlaneto<\/a><\/li><\/ul><\/nav><\/div>\n<h2 class=\"wp-block-heading\"><span class=\"ez-toc-section\" id=\"Por_que_a_Furlaneto_se_destaca_em_SP\"><\/span><strong>Por que a Furlaneto se destaca em SP<\/strong><span class=\"ez-toc-section-end\"><\/span><\/h2>\n\n\n\n<p class=\"wp-block-paragraph\">A Furlaneto \u00e9 uma <strong>f\u00e1brica de paletes de madeira<\/strong> que atende empresas que n\u00e3o podem correr riscos com materiais fr\u00e1geis ou medidas inadequadas.&nbsp;<\/p>\n\n\n\n<p class=\"wp-block-paragraph\">Seu foco est\u00e1 em entregar produtos que suportem a rotina log\u00edstica com desempenho e consist\u00eancia.<\/p>\n\n\n\n<p class=\"wp-block-paragraph\">Localizada em S\u00e3o Paulo, a empresa trabalha com <strong>mat\u00e9rias-primas selecionadas e controle rigoroso de produ\u00e7\u00e3o<\/strong>. Isso garante paletes de madeira com boa capacidade de carga, maior vida \u00fatil e mais estabilidade no uso di\u00e1rio.<\/p>\n\n\n\n<p class=\"wp-block-paragraph\">Outro ponto forte est\u00e1 no atendimento. <strong>A Furlaneto entende que cada opera\u00e7\u00e3o tem uma necessidade espec\u00edfica<\/strong>, por isso oferece suporte t\u00e9cnico para ajudar na escolha do modelo mais adequado.<\/p>\n\n\n\n<ul class=\"wp-block-list\">\n<li><a href=\"https:\/\/embalagensfurlaneto.com.br\/blog\/2026\/04\/17\/paletes-de-madeira-tratada-onde-comprar-com-qualidade-e-seguranca\/\">Paletes de madeira tratada: onde comprar com qualidade e seguran\u00e7a<\/a><\/li>\n<\/ul>\n\n\n\n<h2 class=\"wp-block-heading\"><span class=\"ez-toc-section\" id=\"Beneficios_dos_paletes_de_madeira_para_empresas\"><\/span><strong>Benef\u00edcios dos paletes de madeira para empresas<\/strong><span class=\"ez-toc-section-end\"><\/span><\/h2>\n\n\n\n<p class=\"wp-block-paragraph\">Os paletes de madeira seguem como uma das solu\u00e7\u00f5es mais pr\u00e1ticas para movimenta\u00e7\u00e3o e armazenagem. Quando s\u00e3o produzidos com crit\u00e9rio, passam a representar ganho real em efici\u00eancia, organiza\u00e7\u00e3o e seguran\u00e7a.<\/p>\n\n\n\n<p class=\"wp-block-paragraph\">Entre os principais benef\u00edcios, vale destacar:<\/p>\n\n\n\n<ul class=\"wp-block-list\">\n<li><strong>resist\u00eancia para suportar diferentes tipos de carga;<\/strong><\/li>\n\n\n\n<li><strong>facilidade no armazenamento e transporte interno;<\/strong><\/li>\n\n\n\n<li><strong>melhor aproveitamento do espa\u00e7o log\u00edstico;<\/strong><\/li>\n\n\n\n<li><strong>op\u00e7\u00f5es sob medida para demandas espec\u00edficas;<\/strong><\/li>\n\n\n\n<li><strong>versatilidade para diferentes setores industriais e comerciais.<\/strong><\/li>\n<\/ul>\n\n\n\n<p class=\"wp-block-paragraph\">Na pr\u00e1tica, isso significa uma opera\u00e7\u00e3o mais est\u00e1vel. E quando a empresa escolhe uma <strong>f\u00e1brica de paletes de madeira em SP<\/strong> com experi\u00eancia, como a Furlaneto, ganha tamb\u00e9m previsibilidade e confian\u00e7a no abastecimento.<\/p>\n\n\n\n<h2 class=\"wp-block-heading\"><span class=\"ez-toc-section\" id=\"Paletes_sob_medida_para_cada_necessidade\"><\/span><strong>Paletes sob medida para cada necessidade<\/strong><span class=\"ez-toc-section-end\"><\/span><\/h2>\n\n\n\n<p class=\"wp-block-paragraph\">Nem toda empresa consegue operar bem com modelos padronizados. Dependendo do peso, do volume e do tipo de movimenta\u00e7\u00e3o, o ideal \u00e9 investir em uma solu\u00e7\u00e3o personalizada.<\/p>\n\n\n\n<p class=\"wp-block-paragraph\">A Furlaneto oferece paletes sob medida desenvolvidos a partir de uma an\u00e1lise t\u00e9cnica da opera\u00e7\u00e3o. Isso permite criar estruturas mais adequadas para o transporte e o armazenamento, reduzindo falhas e melhorando o desempenho log\u00edstico.<\/p>\n\n\n\n<p class=\"wp-block-paragraph\"><strong>Esse cuidado faz diferen\u00e7a principalmente em cargas sens\u00edveis, pesadas ou fora do padr\u00e3o.<\/strong> Em vez de adaptar a mercadoria ao palete, a proposta \u00e9 criar o palete certo para a mercadoria.<\/p>\n\n\n\n<p class=\"wp-block-paragraph\">Para quem busca <strong>comprar paletes de madeira<\/strong> com mais precis\u00e3o, esse n\u00edvel de personaliza\u00e7\u00e3o ajuda a evitar desperd\u00edcios e aumenta a efici\u00eancia em toda a cadeia.<\/p>\n\n\n\n<ul class=\"wp-block-list\">\n<li><a href=\"https:\/\/embalagensfurlaneto.com.br\/blog\/2025\/03\/14\/caixa-palete-de-madeira-por-que-esse-material-e-essencial-para-o-seu-negocio\/\">Caixa palete de madeira: por que esse material \u00e9 essencial para o seu neg\u00f3cio?<\/a><\/li>\n<\/ul>\n\n\n\n<h2 class=\"wp-block-heading\"><span class=\"ez-toc-section\" id=\"Qualidade_na_fabricacao_de_paletes_de_madeira\"><\/span><strong>Qualidade na fabrica\u00e7\u00e3o de paletes de madeira<\/strong><span class=\"ez-toc-section-end\"><\/span><\/h2>\n\n\n\n<p class=\"wp-block-paragraph\">A qualidade final de um palete depende de v\u00e1rios fatores. N\u00e3o basta apenas produzir em escala. \u00c9 preciso ter m\u00e9todo, sele\u00e7\u00e3o de madeira e aten\u00e7\u00e3o aos detalhes.<\/p>\n\n\n\n<p class=\"wp-block-paragraph\">Na Furlaneto, a <strong>fabrica\u00e7\u00e3o de paletes de madeira<\/strong> segue um processo cuidadoso que prioriza:<\/p>\n\n\n\n<ul class=\"wp-block-list\">\n<li><strong>madeira de qualidade e bem selecionada;<\/strong><\/li>\n\n\n\n<li><strong>tratamento adequado para maior durabilidade;<\/strong><\/li>\n\n\n\n<li><strong>controle de medidas e acabamento;<\/strong><\/li>\n\n\n\n<li><strong>capacidade de carga compat\u00edvel com a aplica\u00e7\u00e3o;<\/strong><\/li>\n\n\n\n<li><strong>produ\u00e7\u00e3o alinhada \u00e0s exig\u00eancias do mercado.<\/strong><\/li>\n<\/ul>\n\n\n\n<p class=\"wp-block-paragraph\">Esse padr\u00e3o fortalece a reputa\u00e7\u00e3o da empresa como <strong>f\u00e1brica de paletes de madeira<\/strong> preparada para atender desde pequenas demandas at\u00e9 pedidos maiores, sempre com foco em resist\u00eancia e confiabilidade.<\/p>\n\n\n\n<h2 class=\"wp-block-heading\"><span class=\"ez-toc-section\" id=\"Palete_fumigado_e_conformidade_para_exportacao\"><\/span><strong>Palete fumigado e conformidade para exporta\u00e7\u00e3o<\/strong><span class=\"ez-toc-section-end\"><\/span><\/h2>\n\n\n\n<p class=\"wp-block-paragraph\">Empresas que atuam com exporta\u00e7\u00e3o precisam seguir regras espec\u00edficas. Nesse cen\u00e1rio, o palete fumigado se torna indispens\u00e1vel para atender \u00e0s normas fitossanit\u00e1rias e evitar problemas no transporte internacional.<\/p>\n\n\n\n<p class=\"wp-block-paragraph\">A Furlaneto oferece esse tipo de solu\u00e7\u00e3o com o tratamento necess\u00e1rio para reduzir riscos e garantir conformidade. <strong>Isso traz mais seguran\u00e7a para quem precisa embarcar mercadorias sem surpresas no processo.<\/strong><\/p>\n\n\n\n<p class=\"wp-block-paragraph\">Mais do que cumprir exig\u00eancias, o tratamento adequado refor\u00e7a a seriedade da opera\u00e7\u00e3o. E isso pesa bastante na hora de escolher uma <strong>f\u00e1brica de paletes de madeira em SP<\/strong> que realmente entenda a necessidade do cliente.<\/p>\n\n\n\n<h2 class=\"wp-block-heading\"><span class=\"ez-toc-section\" id=\"Consultoria_tecnica_e_parceria_de_longo_prazo\"><\/span><strong>Consultoria t\u00e9cnica e parceria de longo prazo<\/strong><span class=\"ez-toc-section-end\"><\/span><\/h2>\n\n\n\n<p class=\"wp-block-paragraph\">Um diferencial importante da Furlaneto est\u00e1 na consultoria t\u00e9cnica. A empresa n\u00e3o atua apenas como fornecedora, mas como parceira na defini\u00e7\u00e3o da melhor solu\u00e7\u00e3o para cada opera\u00e7\u00e3o.<\/p>\n\n\n\n<p class=\"wp-block-paragraph\">Esse suporte ajuda a identificar o modelo ideal, avaliar medidas, entender a rotina de movimenta\u00e7\u00e3o e encontrar alternativas mais eficientes. <strong>\u00c9 um atendimento que vai al\u00e9m da entrega do produto.<\/strong><\/p>\n\n\n\n<p class=\"wp-block-paragraph\">Para neg\u00f3cios que precisam de const\u00e2ncia e confian\u00e7a, contar com uma <strong>f\u00e1brica de paletes de madeira em SP<\/strong> que acompanha a necessidade do cliente faz toda a diferen\u00e7a. Isso reduz erros, melhora a tomada de decis\u00e3o e fortalece a opera\u00e7\u00e3o no longo prazo.<\/p>\n\n\n\n<ul class=\"wp-block-list\">\n<li><a href=\"https:\/\/embalagensfurlaneto.com.br\/blog\/2025\/02\/14\/fabricacao-de-paletes-de-madeira-como-garantir-qualidade-e-evitar-prejuizos\/\">Fabrica\u00e7\u00e3o de paletes de madeira: como garantir qualidade e evitar preju\u00edzos<\/a><\/li>\n<\/ul>\n\n\n\n<h2 class=\"wp-block-heading\"><span class=\"ez-toc-section\" id=\"Furlaneto_fabrica_de_paletes_de_madeira_em_SP_para_sua_operacao\"><\/span><strong>Furlaneto: f\u00e1brica de paletes de madeira em SP para sua opera\u00e7\u00e3o<\/strong><span class=\"ez-toc-section-end\"><\/span><\/h2>\n\n\n\n<p class=\"wp-block-paragraph\">Escolher a Furlaneto \u00e9 optar por uma empresa que combina <strong>qualidade, personaliza\u00e7\u00e3o e compromisso com o cliente<\/strong>. Seus produtos s\u00e3o pensados para atender opera\u00e7\u00f5es reais, com foco em resist\u00eancia, seguran\u00e7a e efici\u00eancia log\u00edstica.<\/p>\n\n\n<div class=\"wp-block-image\">\n<figure class=\"alignright size-full is-resized\"><img loading=\"lazy\" decoding=\"async\" width=\"521\" height=\"391\" src=\"https:\/\/embalagensfurlaneto.com.br\/blog\/wp-content\/uploads\/2026\/05\/pallet3-1.jpg\" alt=\"Furlaneto: sua f\u00e1brica de paletes de madeira em SP \n\" class=\"wp-image-113\" style=\"aspect-ratio:1.3324835351603994;width:274px;height:auto\" srcset=\"https:\/\/embalagensfurlaneto.com.br\/blog\/wp-content\/uploads\/2026\/05\/pallet3-1.jpg 521w, https:\/\/embalagensfurlaneto.com.br\/blog\/wp-content\/uploads\/2026\/05\/pallet3-1-300x225.jpg 300w, https:\/\/embalagensfurlaneto.com.br\/blog\/wp-content\/uploads\/2026\/05\/pallet3-1-80x60.jpg 80w\" sizes=\"auto, (max-width: 521px) 100vw, 521px\" \/><\/figure>\n<\/div>\n\n\n<p class=\"wp-block-paragraph\">Se a sua empresa procura uma <strong>f\u00e1brica de paletes de madeira em SP<\/strong>, vale considerar n\u00e3o apenas o pre\u00e7o, mas tamb\u00e9m a durabilidade, o suporte e a capacidade de adapta\u00e7\u00e3o.&nbsp;<\/p>\n\n\n\n<p class=\"wp-block-paragraph\">Seja para <strong>fabrica\u00e7\u00e3o de paletes de madeira<\/strong> sob medida, fornecimento recorrente ou projetos espec\u00edficos, a empresa se apresenta como uma escolha segura para quem precisa de resultado e confiabilidade.<\/p>\n\n\n\n<h2 class=\"wp-block-heading\"><span class=\"ez-toc-section\" id=\"Solicite_seu_orcamento_com_a_Furlaneto\"><\/span><strong>Solicite seu or\u00e7amento com a Furlaneto<\/strong><span class=\"ez-toc-section-end\"><\/span><\/h2>\n\n\n\n<p class=\"wp-block-paragraph\">Se voc\u00ea quer <strong>comprar paletes de madeira<\/strong> com mais seguran\u00e7a e contar com uma parceira experiente para sua log\u00edstica, a Furlaneto est\u00e1 pronta para atender.<\/p>\n\n\n\n<p class=\"wp-block-paragraph\"><a href=\"https:\/\/embalagensfurlaneto.com.br\/contato\/\"><strong>Entre em contato, apresente sua demanda e solicite um or\u00e7amento.<\/strong>\u00a0<\/a><\/p>\n\n\n\n<p class=\"wp-block-paragraph\">A equipe da Furlaneto pode indicar a melhor solu\u00e7\u00e3o para a sua opera\u00e7\u00e3o e ajudar sua empresa a ganhar efici\u00eancia com paletes de madeira feitos para durar.<\/p>\n\n\n\n<p class=\"wp-block-paragraph\"><\/p>\n","protected":false},"excerpt":{"rendered":"<p><span class=\"rt-reading-time\" style=\"display: block;\"><span class=\"rt-label rt-prefix\">Reading Time: <\/span> <span class=\"rt-time\">4<\/span> <span class=\"rt-label rt-postfix\">minutes<\/span><\/span> Conhe\u00e7a a Furlaneto, f\u00e1brica de paletes de madeira em SP com solu\u00e7\u00f5es sob medida, qualidade, resist\u00eancia e atendimento para empresas.&nbsp; Encontrar uma f\u00e1brica de paletes de madeira em SP que una qualidade, agilidade e suporte t\u00e9cnico faz diferen\u00e7a no dia a dia de qualquer opera\u00e7\u00e3o. Quando o palete falha, o impacto aparece no transporte, no &hellip; <\/p>\n","protected":false},"author":1,"featured_media":112,"comment_status":"open","ping_status":"open","sticky":false,"template":"","format":"standard","meta":{"footnotes":""},"categories":[9],"tags":[816,822,820,825,678,812,196,849,845,839,844,837,850,847,846,851,848,829,806,833,841,832,840,836,834,842,843,838,835,830,828,831,813,220,685,179,810,817,815,826,688,807,670,185,679,809,421,808,811,424,418,824,821,818,823,827,819,674,814],"class_list":["post-111","post","type-post","status-publish","format-standard","has-post-thumbnail","hentry","category-palete-de-madeira","tag-como-escolher-fabrica-de-paletes-de-madeira-em-sp","tag-como-escolher-fornecedor-de-paletes-de-madeira","tag-como-funciona-a-fabricacao-de-paletes-de-madeira","tag-como-saber-se-o-palete-e-resistente","tag-comprar-paletes-de-madeira","tag-empresa-de-paletes-de-madeira","tag-fabrica-de-paletes-de-madeira","tag-fabrica-de-paletes-de-madeira-em-diadema","tag-fabrica-de-paletes-de-madeira-em-ferrazopolis","tag-fabrica-de-paletes-de-madeira-em-guaianases","tag-fabrica-de-paletes-de-madeira-em-guarulhos","tag-fabrica-de-paletes-de-madeira-em-maua","tag-fabrica-de-paletes-de-madeira-em-osasco","tag-fabrica-de-paletes-de-madeira-em-ribeirao-pires","tag-fabrica-de-paletes-de-madeira-em-santo-andre","tag-fabrica-de-paletes-de-madeira-em-sao-bernardo","tag-fabrica-de-paletes-de-madeira-em-sao-caetano","tag-fabrica-de-paletes-de-madeira-em-sao-paulo","tag-fabrica-de-paletes-de-madeira-em-sp","tag-fabrica-de-paletes-de-madeira-em-utinga","tag-fabrica-de-paletes-de-madeira-na-cidade-tiradentes","tag-fabrica-de-paletes-de-madeira-na-zona-leste","tag-fabrica-de-paletes-de-madeira-na-zona-norte","tag-fabrica-de-paletes-de-madeira-na-zona-oeste","tag-fabrica-de-paletes-de-madeira-na-zona-sul","tag-fabrica-de-paletes-de-madeira-no-abc","tag-fabrica-de-paletes-de-madeira-no-aricanduva","tag-fabrica-de-paletes-de-madeira-no-centro","tag-fabrica-de-paletes-de-madeira-no-taboao","tag-fabrica-de-paletes-de-madeira-perto-de-mim","tag-fabrica-de-paletes-de-madeira-preco","tag-fabrica-de-paletes-de-madeira-proximo-a-mim","tag-fabrica-de-paletes-em-sao-paulo","tag-fabricacao-de-paletes-de-madeira","tag-fabricante-de-paletes-em-sp","tag-fornecedor-de-paletes-de-madeira","tag-industria-de-paletes-de-madeira","tag-onde-comprar-paletes-de-madeira-em-sao-paulo","tag-onde-encontrar-fabrica-de-paletes-de-madeira-em-sp","tag-onde-pedir-orcamento-de-paletes-de-madeira","tag-orcamento-de-paletes-de-madeira","tag-palete-fumigado","tag-palete-fumigado-e-obrigatorio-para-exportacao","tag-paletes-de-madeira-em-sp","tag-paletes-de-madeira-sob-medida","tag-paletes-para-armazenagem","tag-paletes-para-exportacao","tag-paletes-para-logistica","tag-paletes-para-transporte-de-carga","tag-paletes-resistentes","tag-paletes-sob-medida","tag-paletes-sob-medida-valem-a-pena","tag-quais-setores-usam-paletes-de-madeira","tag-qual-a-melhor-fabrica-de-paletes-de-madeira-em-sp","tag-qual-a-vantagem-de-comprar-direto-da-fabrica","tag-qual-fabrica-de-paletes-atende-empresas-em-sp","tag-quando-vale-comprar-paletes-sob-medida","tag-quanto-custa-comprar-paletes-de-madeira","tag-solucoes-em-paletes-de-madeira","latest_post"],"yoast_head":"<!-- This site is optimized with the Yoast SEO plugin v23.2 - https:\/\/yoast.com\/wordpress\/plugins\/seo\/ -->\n<title>Furlaneto: sua f\u00e1brica de paletes de madeira em SP\u00a0 - Blog Furlaneto Embalagens de Madeira<\/title>\n<meta name=\"description\" content=\"Conhe\u00e7a a Furlaneto, f\u00e1brica de paletes de madeira em SP com solu\u00e7\u00f5es sob medida, qualidade, resist\u00eancia e atendimento para empresas.\" \/>\n<meta name=\"robots\" content=\"index, follow, max-snippet:-1, max-image-preview:large, max-video-preview:-1\" \/>\n<link rel=\"canonical\" href=\"https:\/\/embalagensfurlaneto.com.br\/blog\/2026\/05\/14\/furlaneto-sua-fabrica-de-paletes-de-madeira-em-sp\/\" \/>\n<meta property=\"og:locale\" content=\"pt_BR\" \/>\n<meta property=\"og:type\" content=\"article\" \/>\n<meta property=\"og:title\" content=\"Furlaneto: sua f\u00e1brica de paletes de madeira em SP\u00a0 - Blog Furlaneto Embalagens de Madeira\" \/>\n<meta property=\"og:description\" content=\"Conhe\u00e7a a Furlaneto, f\u00e1brica de paletes de madeira em SP com solu\u00e7\u00f5es sob medida, qualidade, resist\u00eancia e atendimento para empresas.\" \/>\n<meta property=\"og:url\" content=\"https:\/\/embalagensfurlaneto.com.br\/blog\/2026\/05\/14\/furlaneto-sua-fabrica-de-paletes-de-madeira-em-sp\/\" \/>\n<meta property=\"og:site_name\" content=\"Blog Furlaneto Embalagens de Madeira\" \/>\n<meta property=\"article:published_time\" content=\"2026-05-14T12:54:47+00:00\" \/>\n<meta property=\"article:modified_time\" content=\"2026-05-14T12:56:51+00:00\" \/>\n<meta property=\"og:image\" content=\"https:\/\/embalagensfurlaneto.com.br\/blog\/wp-content\/uploads\/2026\/05\/paleete-2.png\" \/>\n\t<meta property=\"og:image:width\" content=\"534\" \/>\n\t<meta property=\"og:image:height\" content=\"396\" \/>\n\t<meta property=\"og:image:type\" content=\"image\/png\" \/>\n<meta name=\"author\" content=\"admin\" \/>\n<meta name=\"twitter:card\" content=\"summary_large_image\" \/>\n<meta name=\"twitter:label1\" content=\"Escrito por\" \/>\n\t<meta name=\"twitter:data1\" content=\"admin\" \/>\n\t<meta name=\"twitter:label2\" content=\"Est. tempo de leitura\" \/>\n\t<meta name=\"twitter:data2\" content=\"6 minutos\" \/>\n<script type=\"application\/ld+json\" class=\"yoast-schema-graph\">{\"@context\":\"https:\/\/schema.org\",\"@graph\":[{\"@type\":\"Article\",\"@id\":\"https:\/\/embalagensfurlaneto.com.br\/blog\/2026\/05\/14\/furlaneto-sua-fabrica-de-paletes-de-madeira-em-sp\/#article\",\"isPartOf\":{\"@id\":\"https:\/\/embalagensfurlaneto.com.br\/blog\/2026\/05\/14\/furlaneto-sua-fabrica-de-paletes-de-madeira-em-sp\/\"},\"author\":{\"name\":\"admin\",\"@id\":\"https:\/\/embalagensfurlaneto.com.br\/blog\/#\/schema\/person\/959cc247f1bb9d2e4f512ef333de96fe\"},\"headline\":\"Furlaneto: sua f\u00e1brica de paletes de madeira em SP\u00a0\",\"datePublished\":\"2026-05-14T12:54:47+00:00\",\"dateModified\":\"2026-05-14T12:56:51+00:00\",\"mainEntityOfPage\":{\"@id\":\"https:\/\/embalagensfurlaneto.com.br\/blog\/2026\/05\/14\/furlaneto-sua-fabrica-de-paletes-de-madeira-em-sp\/\"},\"wordCount\":1120,\"commentCount\":0,\"publisher\":{\"@id\":\"https:\/\/embalagensfurlaneto.com.br\/blog\/#organization\"},\"image\":{\"@id\":\"https:\/\/embalagensfurlaneto.com.br\/blog\/2026\/05\/14\/furlaneto-sua-fabrica-de-paletes-de-madeira-em-sp\/#primaryimage\"},\"thumbnailUrl\":\"https:\/\/embalagensfurlaneto.com.br\/blog\/wp-content\/uploads\/2026\/05\/paleete-2.png\",\"keywords\":[\"como escolher f\u00e1brica de paletes de madeira em SP\",\"como escolher fornecedor de paletes de madeira\",\"como funciona a fabrica\u00e7\u00e3o de paletes de madeira\",\"como saber se o palete \u00e9 resistente\",\"comprar paletes de madeira\",\"empresa de paletes de madeira\",\"f\u00e1brica de paletes de madeira\",\"f\u00e1brica de paletes de madeira em Diadema\",\"f\u00e1brica de paletes de madeira em Ferraz\u00f3polis\",\"f\u00e1brica de paletes de madeira em Guaianases\",\"f\u00e1brica de paletes de madeira em Guarulhos\",\"f\u00e1brica de paletes de madeira em Mau\u00e1\",\"f\u00e1brica de paletes de madeira em Osasco\",\"f\u00e1brica de paletes de madeira em Ribeir\u00e3o Pires\",\"f\u00e1brica de paletes de madeira em Santo Andr\u00e9\",\"f\u00e1brica de paletes de madeira em S\u00e3o Bernardo\",\"f\u00e1brica de paletes de madeira em S\u00e3o Caetano\",\"f\u00e1brica de paletes de madeira em s\u00e3o paulo\",\"f\u00e1brica de paletes de madeira em SP\",\"f\u00e1brica de paletes de madeira em Utinga\",\"f\u00e1brica de paletes de madeira na Cidade Tiradentes\",\"f\u00e1brica de paletes de madeira na zona leste\",\"f\u00e1brica de paletes de madeira na zona norte\",\"f\u00e1brica de paletes de madeira na zona oeste\",\"f\u00e1brica de paletes de madeira na zona sul\",\"f\u00e1brica de paletes de madeira no ABC\",\"f\u00e1brica de paletes de madeira no Aricanduva\",\"f\u00e1brica de paletes de madeira no centro\",\"f\u00e1brica de paletes de madeira no Tabo\u00e3o\",\"f\u00e1brica de paletes de madeira perto de mim\",\"f\u00e1brica de paletes de madeira pre\u00e7o\",\"f\u00e1brica de paletes de madeira pr\u00f3ximo a mim\",\"f\u00e1brica de paletes em S\u00e3o Paulo\",\"Fabrica\u00e7\u00e3o de paletes de madeira\",\"fabricante de paletes em sp\",\"fornecedor de paletes de madeira\",\"ind\u00fastria de paletes de madeira\",\"onde comprar paletes de madeira em S\u00e3o Paulo\",\"onde encontrar f\u00e1brica de paletes de madeira em SP\",\"onde pedir or\u00e7amento de paletes de madeira\",\"or\u00e7amento de paletes de madeira\",\"palete fumigado\",\"palete fumigado \u00e9 obrigat\u00f3rio para exporta\u00e7\u00e3o\",\"paletes de madeira em sp\",\"paletes de madeira sob medida\",\"paletes para armazenagem\",\"paletes para exporta\u00e7\u00e3o\",\"paletes para log\u00edstica\",\"paletes para transporte de carga\",\"paletes resistentes\",\"paletes sob medida\",\"paletes sob medida valem a pena\",\"quais setores usam paletes de madeira\",\"qual a melhor f\u00e1brica de paletes de madeira em SP\",\"qual a vantagem de comprar direto da f\u00e1brica\",\"qual f\u00e1brica de paletes atende empresas em SP\",\"quando vale comprar paletes sob medida\",\"quanto custa comprar paletes de madeira\",\"solu\u00e7\u00f5es em paletes de madeira\"],\"articleSection\":[\"Palete de madeira\"],\"inLanguage\":\"pt-BR\",\"potentialAction\":[{\"@type\":\"CommentAction\",\"name\":\"Comment\",\"target\":[\"https:\/\/embalagensfurlaneto.com.br\/blog\/2026\/05\/14\/furlaneto-sua-fabrica-de-paletes-de-madeira-em-sp\/#respond\"]}]},{\"@type\":\"WebPage\",\"@id\":\"https:\/\/embalagensfurlaneto.com.br\/blog\/2026\/05\/14\/furlaneto-sua-fabrica-de-paletes-de-madeira-em-sp\/\",\"url\":\"https:\/\/embalagensfurlaneto.com.br\/blog\/2026\/05\/14\/furlaneto-sua-fabrica-de-paletes-de-madeira-em-sp\/\",\"name\":\"Furlaneto: sua f\u00e1brica de paletes de madeira em SP\u00a0 - Blog Furlaneto Embalagens de Madeira\",\"isPartOf\":{\"@id\":\"https:\/\/embalagensfurlaneto.com.br\/blog\/#website\"},\"primaryImageOfPage\":{\"@id\":\"https:\/\/embalagensfurlaneto.com.br\/blog\/2026\/05\/14\/furlaneto-sua-fabrica-de-paletes-de-madeira-em-sp\/#primaryimage\"},\"image\":{\"@id\":\"https:\/\/embalagensfurlaneto.com.br\/blog\/2026\/05\/14\/furlaneto-sua-fabrica-de-paletes-de-madeira-em-sp\/#primaryimage\"},\"thumbnailUrl\":\"https:\/\/embalagensfurlaneto.com.br\/blog\/wp-content\/uploads\/2026\/05\/paleete-2.png\",\"datePublished\":\"2026-05-14T12:54:47+00:00\",\"dateModified\":\"2026-05-14T12:56:51+00:00\",\"description\":\"Conhe\u00e7a a Furlaneto, f\u00e1brica de paletes de madeira em SP com solu\u00e7\u00f5es sob medida, qualidade, resist\u00eancia e atendimento para empresas.\",\"breadcrumb\":{\"@id\":\"https:\/\/embalagensfurlaneto.com.br\/blog\/2026\/05\/14\/furlaneto-sua-fabrica-de-paletes-de-madeira-em-sp\/#breadcrumb\"},\"inLanguage\":\"pt-BR\",\"potentialAction\":[{\"@type\":\"ReadAction\",\"target\":[\"https:\/\/embalagensfurlaneto.com.br\/blog\/2026\/05\/14\/furlaneto-sua-fabrica-de-paletes-de-madeira-em-sp\/\"]}]},{\"@type\":\"ImageObject\",\"inLanguage\":\"pt-BR\",\"@id\":\"https:\/\/embalagensfurlaneto.com.br\/blog\/2026\/05\/14\/furlaneto-sua-fabrica-de-paletes-de-madeira-em-sp\/#primaryimage\",\"url\":\"https:\/\/embalagensfurlaneto.com.br\/blog\/wp-content\/uploads\/2026\/05\/paleete-2.png\",\"contentUrl\":\"https:\/\/embalagensfurlaneto.com.br\/blog\/wp-content\/uploads\/2026\/05\/paleete-2.png\",\"width\":534,\"height\":396,\"caption\":\"Furlaneto: sua f\u00e1brica de paletes de madeira em SP\"},{\"@type\":\"BreadcrumbList\",\"@id\":\"https:\/\/embalagensfurlaneto.com.br\/blog\/2026\/05\/14\/furlaneto-sua-fabrica-de-paletes-de-madeira-em-sp\/#breadcrumb\",\"itemListElement\":[{\"@type\":\"ListItem\",\"position\":1,\"name\":\"In\u00edcio\",\"item\":\"https:\/\/embalagensfurlaneto.com.br\/blog\/\"},{\"@type\":\"ListItem\",\"position\":2,\"name\":\"Furlaneto: sua f\u00e1brica de paletes de madeira em SP\u00a0\"}]},{\"@type\":\"WebSite\",\"@id\":\"https:\/\/embalagensfurlaneto.com.br\/blog\/#website\",\"url\":\"https:\/\/embalagensfurlaneto.com.br\/blog\/\",\"name\":\"Blog Furlaneto Embalagens de Madeira\",\"description\":\"\",\"publisher\":{\"@id\":\"https:\/\/embalagensfurlaneto.com.br\/blog\/#organization\"},\"potentialAction\":[{\"@type\":\"SearchAction\",\"target\":{\"@type\":\"EntryPoint\",\"urlTemplate\":\"https:\/\/embalagensfurlaneto.com.br\/blog\/?s={search_term_string}\"},\"query-input\":\"required name=search_term_string\"}],\"inLanguage\":\"pt-BR\"},{\"@type\":\"Organization\",\"@id\":\"https:\/\/embalagensfurlaneto.com.br\/blog\/#organization\",\"name\":\"Blog Furlaneto Embalagens de Madeira\",\"url\":\"https:\/\/embalagensfurlaneto.com.br\/blog\/\",\"logo\":{\"@type\":\"ImageObject\",\"inLanguage\":\"pt-BR\",\"@id\":\"https:\/\/embalagensfurlaneto.com.br\/blog\/#\/schema\/logo\/image\/\",\"url\":\"https:\/\/embalagensfurlaneto.com.br\/blog\/wp-content\/uploads\/2024\/08\/logo-4.png\",\"contentUrl\":\"https:\/\/embalagensfurlaneto.com.br\/blog\/wp-content\/uploads\/2024\/08\/logo-4.png\",\"width\":300,\"height\":66,\"caption\":\"Blog Furlaneto Embalagens de Madeira\"},\"image\":{\"@id\":\"https:\/\/embalagensfurlaneto.com.br\/blog\/#\/schema\/logo\/image\/\"}},{\"@type\":\"Person\",\"@id\":\"https:\/\/embalagensfurlaneto.com.br\/blog\/#\/schema\/person\/959cc247f1bb9d2e4f512ef333de96fe\",\"name\":\"admin\",\"image\":{\"@type\":\"ImageObject\",\"inLanguage\":\"pt-BR\",\"@id\":\"https:\/\/embalagensfurlaneto.com.br\/blog\/#\/schema\/person\/image\/\",\"url\":\"https:\/\/secure.gravatar.com\/avatar\/f3273dd18d95bc19d51d3e6356e4a679e6f13824497272a270e7bb540b0abb9d?s=96&d=mm&r=g\",\"contentUrl\":\"https:\/\/secure.gravatar.com\/avatar\/f3273dd18d95bc19d51d3e6356e4a679e6f13824497272a270e7bb540b0abb9d?s=96&d=mm&r=g\",\"caption\":\"admin\"},\"sameAs\":[\"https:\/\/embalagensfurlaneto.com.br\/blog\"],\"url\":\"https:\/\/embalagensfurlaneto.com.br\/blog\/author\/admin\/\"}]}<\/script>\n<!-- \/ Yoast SEO plugin. -->","yoast_head_json":{"title":"Furlaneto: sua f\u00e1brica de paletes de madeira em SP\u00a0 - Blog Furlaneto Embalagens de Madeira","description":"Conhe\u00e7a a Furlaneto, f\u00e1brica de paletes de madeira em SP com solu\u00e7\u00f5es sob medida, qualidade, resist\u00eancia e atendimento para empresas.","robots":{"index":"index","follow":"follow","max-snippet":"max-snippet:-1","max-image-preview":"max-image-preview:large","max-video-preview":"max-video-preview:-1"},"canonical":"https:\/\/embalagensfurlaneto.com.br\/blog\/2026\/05\/14\/furlaneto-sua-fabrica-de-paletes-de-madeira-em-sp\/","og_locale":"pt_BR","og_type":"article","og_title":"Furlaneto: sua f\u00e1brica de paletes de madeira em SP\u00a0 - Blog Furlaneto Embalagens de Madeira","og_description":"Conhe\u00e7a a Furlaneto, f\u00e1brica de paletes de madeira em SP com solu\u00e7\u00f5es sob medida, qualidade, resist\u00eancia e atendimento para empresas.","og_url":"https:\/\/embalagensfurlaneto.com.br\/blog\/2026\/05\/14\/furlaneto-sua-fabrica-de-paletes-de-madeira-em-sp\/","og_site_name":"Blog Furlaneto Embalagens de Madeira","article_published_time":"2026-05-14T12:54:47+00:00","article_modified_time":"2026-05-14T12:56:51+00:00","og_image":[{"width":534,"height":396,"url":"https:\/\/embalagensfurlaneto.com.br\/blog\/wp-content\/uploads\/2026\/05\/paleete-2.png","type":"image\/png"}],"author":"admin","twitter_card":"summary_large_image","twitter_misc":{"Escrito por":"admin","Est. tempo de leitura":"6 minutos"},"schema":{"@context":"https:\/\/schema.org","@graph":[{"@type":"Article","@id":"https:\/\/embalagensfurlaneto.com.br\/blog\/2026\/05\/14\/furlaneto-sua-fabrica-de-paletes-de-madeira-em-sp\/#article","isPartOf":{"@id":"https:\/\/embalagensfurlaneto.com.br\/blog\/2026\/05\/14\/furlaneto-sua-fabrica-de-paletes-de-madeira-em-sp\/"},"author":{"name":"admin","@id":"https:\/\/embalagensfurlaneto.com.br\/blog\/#\/schema\/person\/959cc247f1bb9d2e4f512ef333de96fe"},"headline":"Furlaneto: sua f\u00e1brica de paletes de madeira em SP\u00a0","datePublished":"2026-05-14T12:54:47+00:00","dateModified":"2026-05-14T12:56:51+00:00","mainEntityOfPage":{"@id":"https:\/\/embalagensfurlaneto.com.br\/blog\/2026\/05\/14\/furlaneto-sua-fabrica-de-paletes-de-madeira-em-sp\/"},"wordCount":1120,"commentCount":0,"publisher":{"@id":"https:\/\/embalagensfurlaneto.com.br\/blog\/#organization"},"image":{"@id":"https:\/\/embalagensfurlaneto.com.br\/blog\/2026\/05\/14\/furlaneto-sua-fabrica-de-paletes-de-madeira-em-sp\/#primaryimage"},"thumbnailUrl":"https:\/\/embalagensfurlaneto.com.br\/blog\/wp-content\/uploads\/2026\/05\/paleete-2.png","keywords":["como escolher f\u00e1brica de paletes de madeira em SP","como escolher fornecedor de paletes de madeira","como funciona a fabrica\u00e7\u00e3o de paletes de madeira","como saber se o palete \u00e9 resistente","comprar paletes de madeira","empresa de paletes de madeira","f\u00e1brica de paletes de madeira","f\u00e1brica de paletes de madeira em Diadema","f\u00e1brica de paletes de madeira em Ferraz\u00f3polis","f\u00e1brica de paletes de madeira em Guaianases","f\u00e1brica de paletes de madeira em Guarulhos","f\u00e1brica de paletes de madeira em Mau\u00e1","f\u00e1brica de paletes de madeira em Osasco","f\u00e1brica de paletes de madeira em Ribeir\u00e3o Pires","f\u00e1brica de paletes de madeira em Santo Andr\u00e9","f\u00e1brica de paletes de madeira em S\u00e3o Bernardo","f\u00e1brica de paletes de madeira em S\u00e3o Caetano","f\u00e1brica de paletes de madeira em s\u00e3o paulo","f\u00e1brica de paletes de madeira em SP","f\u00e1brica de paletes de madeira em Utinga","f\u00e1brica de paletes de madeira na Cidade Tiradentes","f\u00e1brica de paletes de madeira na zona leste","f\u00e1brica de paletes de madeira na zona norte","f\u00e1brica de paletes de madeira na zona oeste","f\u00e1brica de paletes de madeira na zona sul","f\u00e1brica de paletes de madeira no ABC","f\u00e1brica de paletes de madeira no Aricanduva","f\u00e1brica de paletes de madeira no centro","f\u00e1brica de paletes de madeira no Tabo\u00e3o","f\u00e1brica de paletes de madeira perto de mim","f\u00e1brica de paletes de madeira pre\u00e7o","f\u00e1brica de paletes de madeira pr\u00f3ximo a mim","f\u00e1brica de paletes em S\u00e3o Paulo","Fabrica\u00e7\u00e3o de paletes de madeira","fabricante de paletes em sp","fornecedor de paletes de madeira","ind\u00fastria de paletes de madeira","onde comprar paletes de madeira em S\u00e3o Paulo","onde encontrar f\u00e1brica de paletes de madeira em SP","onde pedir or\u00e7amento de paletes de madeira","or\u00e7amento de paletes de madeira","palete fumigado","palete fumigado \u00e9 obrigat\u00f3rio para exporta\u00e7\u00e3o","paletes de madeira em sp","paletes de madeira sob medida","paletes para armazenagem","paletes para exporta\u00e7\u00e3o","paletes para log\u00edstica","paletes para transporte de carga","paletes resistentes","paletes sob medida","paletes sob medida valem a pena","quais setores usam paletes de madeira","qual a melhor f\u00e1brica de paletes de madeira em SP","qual a vantagem de comprar direto da f\u00e1brica","qual f\u00e1brica de paletes atende empresas em SP","quando vale comprar paletes sob medida","quanto custa comprar paletes de madeira","solu\u00e7\u00f5es em paletes de madeira"],"articleSection":["Palete de madeira"],"inLanguage":"pt-BR","potentialAction":[{"@type":"CommentAction","name":"Comment","target":["https:\/\/embalagensfurlaneto.com.br\/blog\/2026\/05\/14\/furlaneto-sua-fabrica-de-paletes-de-madeira-em-sp\/#respond"]}]},{"@type":"WebPage","@id":"https:\/\/embalagensfurlaneto.com.br\/blog\/2026\/05\/14\/furlaneto-sua-fabrica-de-paletes-de-madeira-em-sp\/","url":"https:\/\/embalagensfurlaneto.com.br\/blog\/2026\/05\/14\/furlaneto-sua-fabrica-de-paletes-de-madeira-em-sp\/","name":"Furlaneto: sua f\u00e1brica de paletes de madeira em SP\u00a0 - Blog Furlaneto Embalagens de Madeira","isPartOf":{"@id":"https:\/\/embalagensfurlaneto.com.br\/blog\/#website"},"primaryImageOfPage":{"@id":"https:\/\/embalagensfurlaneto.com.br\/blog\/2026\/05\/14\/furlaneto-sua-fabrica-de-paletes-de-madeira-em-sp\/#primaryimage"},"image":{"@id":"https:\/\/embalagensfurlaneto.com.br\/blog\/2026\/05\/14\/furlaneto-sua-fabrica-de-paletes-de-madeira-em-sp\/#primaryimage"},"thumbnailUrl":"https:\/\/embalagensfurlaneto.com.br\/blog\/wp-content\/uploads\/2026\/05\/paleete-2.png","datePublished":"2026-05-14T12:54:47+00:00","dateModified":"2026-05-14T12:56:51+00:00","description":"Conhe\u00e7a a Furlaneto, f\u00e1brica de paletes de madeira em SP com solu\u00e7\u00f5es sob medida, qualidade, resist\u00eancia e atendimento para empresas.","breadcrumb":{"@id":"https:\/\/embalagensfurlaneto.com.br\/blog\/2026\/05\/14\/furlaneto-sua-fabrica-de-paletes-de-madeira-em-sp\/#breadcrumb"},"inLanguage":"pt-BR","potentialAction":[{"@type":"ReadAction","target":["https:\/\/embalagensfurlaneto.com.br\/blog\/2026\/05\/14\/furlaneto-sua-fabrica-de-paletes-de-madeira-em-sp\/"]}]},{"@type":"ImageObject","inLanguage":"pt-BR","@id":"https:\/\/embalagensfurlaneto.com.br\/blog\/2026\/05\/14\/furlaneto-sua-fabrica-de-paletes-de-madeira-em-sp\/#primaryimage","url":"https:\/\/embalagensfurlaneto.com.br\/blog\/wp-content\/uploads\/2026\/05\/paleete-2.png","contentUrl":"https:\/\/embalagensfurlaneto.com.br\/blog\/wp-content\/uploads\/2026\/05\/paleete-2.png","width":534,"height":396,"caption":"Furlaneto: sua f\u00e1brica de paletes de madeira em SP"},{"@type":"BreadcrumbList","@id":"https:\/\/embalagensfurlaneto.com.br\/blog\/2026\/05\/14\/furlaneto-sua-fabrica-de-paletes-de-madeira-em-sp\/#breadcrumb","itemListElement":[{"@type":"ListItem","position":1,"name":"In\u00edcio","item":"https:\/\/embalagensfurlaneto.com.br\/blog\/"},{"@type":"ListItem","position":2,"name":"Furlaneto: sua f\u00e1brica de paletes de madeira em SP\u00a0"}]},{"@type":"WebSite","@id":"https:\/\/embalagensfurlaneto.com.br\/blog\/#website","url":"https:\/\/embalagensfurlaneto.com.br\/blog\/","name":"Blog Furlaneto Embalagens de Madeira","description":"","publisher":{"@id":"https:\/\/embalagensfurlaneto.com.br\/blog\/#organization"},"potentialAction":[{"@type":"SearchAction","target":{"@type":"EntryPoint","urlTemplate":"https:\/\/embalagensfurlaneto.com.br\/blog\/?s={search_term_string}"},"query-input":"required name=search_term_string"}],"inLanguage":"pt-BR"},{"@type":"Organization","@id":"https:\/\/embalagensfurlaneto.com.br\/blog\/#organization","name":"Blog Furlaneto Embalagens de Madeira","url":"https:\/\/embalagensfurlaneto.com.br\/blog\/","logo":{"@type":"ImageObject","inLanguage":"pt-BR","@id":"https:\/\/embalagensfurlaneto.com.br\/blog\/#\/schema\/logo\/image\/","url":"https:\/\/embalagensfurlaneto.com.br\/blog\/wp-content\/uploads\/2024\/08\/logo-4.png","contentUrl":"https:\/\/embalagensfurlaneto.com.br\/blog\/wp-content\/uploads\/2024\/08\/logo-4.png","width":300,"height":66,"caption":"Blog Furlaneto Embalagens de Madeira"},"image":{"@id":"https:\/\/embalagensfurlaneto.com.br\/blog\/#\/schema\/logo\/image\/"}},{"@type":"Person","@id":"https:\/\/embalagensfurlaneto.com.br\/blog\/#\/schema\/person\/959cc247f1bb9d2e4f512ef333de96fe","name":"admin","image":{"@type":"ImageObject","inLanguage":"pt-BR","@id":"https:\/\/embalagensfurlaneto.com.br\/blog\/#\/schema\/person\/image\/","url":"https:\/\/secure.gravatar.com\/avatar\/f3273dd18d95bc19d51d3e6356e4a679e6f13824497272a270e7bb540b0abb9d?s=96&d=mm&r=g","contentUrl":"https:\/\/secure.gravatar.com\/avatar\/f3273dd18d95bc19d51d3e6356e4a679e6f13824497272a270e7bb540b0abb9d?s=96&d=mm&r=g","caption":"admin"},"sameAs":["https:\/\/embalagensfurlaneto.com.br\/blog"],"url":"https:\/\/embalagensfurlaneto.com.br\/blog\/author\/admin\/"}]}},"_links":{"self":[{"href":"https:\/\/embalagensfurlaneto.com.br\/blog\/wp-json\/wp\/v2\/posts\/111","targetHints":{"allow":["GET"]}}],"collection":[{"href":"https:\/\/embalagensfurlaneto.com.br\/blog\/wp-json\/wp\/v2\/posts"}],"about":[{"href":"https:\/\/embalagensfurlaneto.com.br\/blog\/wp-json\/wp\/v2\/types\/post"}],"author":[{"embeddable":true,"href":"https:\/\/embalagensfurlaneto.com.br\/blog\/wp-json\/wp\/v2\/users\/1"}],"replies":[{"embeddable":true,"href":"https:\/\/embalagensfurlaneto.com.br\/blog\/wp-json\/wp\/v2\/comments?post=111"}],"version-history":[{"count":1,"href":"https:\/\/embalagensfurlaneto.com.br\/blog\/wp-json\/wp\/v2\/posts\/111\/revisions"}],"predecessor-version":[{"id":114,"href":"https:\/\/embalagensfurlaneto.com.br\/blog\/wp-json\/wp\/v2\/posts\/111\/revisions\/114"}],"wp:featuredmedia":[{"embeddable":true,"href":"https:\/\/embalagensfurlaneto.com.br\/blog\/wp-json\/wp\/v2\/media\/112"}],"wp:attachment":[{"href":"https:\/\/embalagensfurlaneto.com.br\/blog\/wp-json\/wp\/v2\/media?parent=111"}],"wp:term":[{"taxonomy":"category","embeddable":true,"href":"https:\/\/embalagensfurlaneto.com.br\/blog\/wp-json\/wp\/v2\/categories?post=111"},{"taxonomy":"post_tag","embeddable":true,"href":"https:\/\/embalagensfurlaneto.com.br\/blog\/wp-json\/wp\/v2\/tags?post=111"}],"curies":[{"name":"wp","href":"https:\/\/api.w.org\/{rel}","templated":true}]}}